{"id":7539,"date":"2026-04-20T11:51:00","date_gmt":"2026-04-20T11:51:00","guid":{"rendered":"https:\/\/mindszentiskola.hu\/?p=7539"},"modified":"2026-04-27T08:52:07","modified_gmt":"2026-04-27T08:52:07","slug":"tovabb-is-van-mondjam-meg","status":"publish","type":"post","link":"\/?p=7539","title":{"rendered":"Tov\u00e1bb is van! Mondjam m\u00e9g?"},"content":{"rendered":"\n<div class=\"xdj266r x14z9mp xat24cr x1lziwak x1vvkbs x126k92a\">\n<div dir=\"auto\">Nincs v\u00e9ge a sikereknek. I. helyez\u00e9s gyermek kateg\u00f3ri\u00e0ban!<\/div>\n<\/div>\n<div class=\"x14z9mp xat24cr x1lziwak x1vvkbs xtlvy1s x126k92a\">\n<div dir=\"auto\">2026. \u00e1prilis 17-\u00e9n rendezt\u00e9k meg a V\u00f6r\u00f6skereszt szervez\u00e9s\u00e9ben az 54. Orsz\u00e1gos Els\u0151seg\u00e9lyny\u00fajt\u00f3 Verseny Szentes\u2013Csongr\u00e1d ter\u00fcleti fordul\u00f3j\u00e1t Csongr\u00e1don.<\/div>\n<\/div>\n<div class=\"x14z9mp xat24cr x1lziwak x1vvkbs xtlvy1s x126k92a\">\n<div dir=\"auto\">Iskol\u00e1nkat a D\u00f3zsa-telepi Tagint\u00e9zm\u00e9ny 7.c oszt\u00e1ly\u00e0nak 5 f\u0151s csapata k\u00e9pviselte.<\/div>\n<\/div>\n<div class=\"x14z9mp xat24cr x1lziwak x1vvkbs xtlvy1s x126k92a\">\n<div dir=\"auto\">A verseny sor\u00e1n a tanul\u00f3knak \u00e9leth\u0171 szitu\u00e1ci\u00f3kat kellett megoldaniuk.<\/div>\n<\/div>\n<div class=\"x14z9mp xat24cr x1lziwak x1vvkbs xtlvy1s x126k92a\">\n<div dir=\"auto\">A feladatok k\u00f6z\u00f6tt szerepelt t\u00f6bbek k\u00f6z\u00f6tt art\u00e9ri\u00e1s v\u00e9rz\u00e9s ell\u00e1t\u00e1sa, csontt\u00f6r\u00e9s r\u00f6gz\u00edt\u00e9se, sebell\u00e1t\u00e1s, gerincs\u00e9r\u00fclt, eszm\u00e9letlen, valamint epilepszi\u00e1s beteg ell\u00e1t\u00e1sa.<\/div>\n<\/div>\n<div class=\"x14z9mp xat24cr x1lziwak x1vvkbs xtlvy1s x126k92a\">\n<div dir=\"auto\">A csapat, gyermek kateg\u00f3ri\u00e0ban I. helyez\u00e9st \u00e9rt el. A felk\u00e9sz\u00fcl\u00e9st seg\u00edtette: Lengyel D\u00f3ra, B\u00e0rdi Gerg\u0151, Zs\u00f3t\u00e9r M\u00e0rta<\/div>\n<\/div>\n<div class=\"x14z9mp xat24cr x1lziwak x1vvkbs xtlvy1s x126k92a\">\n<div dir=\"auto\">Sz\u00edvb\u0151l, szeretettel gratul\u00e1lunk nekik, az eg\u00e9sz iskol\u00e1nk nagyon b\u00fcszke r\u00e1juk.<\/div>\n<\/div>\n<div class=\"x14z9mp xat24cr x1lziwak x1vvkbs xtlvy1s x126k92a\">\n<div dir=\"auto\">A csapat tagjai: Becsei N\u00f3ra Bodrogi Henrik Benjamin M\u00e1t\u00e9 Cs\u00e1k Ko\u00f3s Nimrod Papp Levente, illetve Barna Timea (p\u00f3ttag)<\/div>\n<\/div>\n<div class=\"x14z9mp xat24cr x1lziwak x1vvkbs xtlvy1s x126k92a\">\n<div dir=\"auto\">Ir\u00e1ny a megyei fordul\u00f3 m\u00e1jus 15-\u00e9n!<\/div>\n<\/div>\n\n\n\n<figure class=\"wp-block-gallery has-nested-images columns-default is-cropped wp-block-gallery-1 is-layout-flex wp-block-gallery-is-layout-flex\">\n<figure class=\"wp-block-image size-large\"><a href=\"\/wp-content\/uploads\/2026\/04\/676776770_1552438286886238_851060243535415216_n.jpg\"><img loading=\"lazy\" decoding=\"async\" width=\"1024\" height=\"768\" data-id=\"7540\" src=\"\/wp-content\/uploads\/2026\/04\/676776770_1552438286886238_851060243535415216_n-1024x768.jpg\" alt=\"\" class=\"wp-image-7540\" srcset=\"\/wp-content\/uploads\/2026\/04\/676776770_1552438286886238_851060243535415216_n-1024x768.jpg 1024w, \/wp-content\/uploads\/2026\/04\/676776770_1552438286886238_851060243535415216_n-300x225.jpg 300w, \/wp-content\/uploads\/2026\/04\/676776770_1552438286886238_851060243535415216_n-768x576.jpg 768w, \/wp-content\/uploads\/2026\/04\/676776770_1552438286886238_851060243535415216_n-1536x1152.jpg 1536w, \/wp-content\/uploads\/2026\/04\/676776770_1552438286886238_851060243535415216_n.jpg 2048w\" sizes=\"auto, (max-width: 1024px) 100vw, 1024px\" \/><\/a><\/figure>\n\n\n\n<figure class=\"wp-block-image size-large\"><a href=\"\/wp-content\/uploads\/2026\/04\/673211453_1552438336886233_8578972997296979184_n.jpg\"><img loading=\"lazy\" decoding=\"async\" width=\"1024\" height=\"768\" data-id=\"7542\" src=\"\/wp-content\/uploads\/2026\/04\/673211453_1552438336886233_8578972997296979184_n-1024x768.jpg\" alt=\"\" class=\"wp-image-7542\" srcset=\"\/wp-content\/uploads\/2026\/04\/673211453_1552438336886233_8578972997296979184_n-1024x768.jpg 1024w, \/wp-content\/uploads\/2026\/04\/673211453_1552438336886233_8578972997296979184_n-300x225.jpg 300w, \/wp-content\/uploads\/2026\/04\/673211453_1552438336886233_8578972997296979184_n-768x576.jpg 768w, \/wp-content\/uploads\/2026\/04\/673211453_1552438336886233_8578972997296979184_n-1536x1152.jpg 1536w, \/wp-content\/uploads\/2026\/04\/673211453_1552438336886233_8578972997296979184_n.jpg 2048w\" sizes=\"auto, (max-width: 1024px) 100vw, 1024px\" \/><\/a><\/figure>\n\n\n\n<figure class=\"wp-block-image size-large\"><a href=\"\/wp-content\/uploads\/2026\/04\/675252690_1552438373552896_645050540505489366_n.jpg\"><img loading=\"lazy\" decoding=\"async\" width=\"1024\" height=\"768\" data-id=\"7541\" src=\"\/wp-content\/uploads\/2026\/04\/675252690_1552438373552896_645050540505489366_n-1024x768.jpg\" alt=\"\" class=\"wp-image-7541\" srcset=\"\/wp-content\/uploads\/2026\/04\/675252690_1552438373552896_645050540505489366_n-1024x768.jpg 1024w, \/wp-content\/uploads\/2026\/04\/675252690_1552438373552896_645050540505489366_n-300x225.jpg 300w, \/wp-content\/uploads\/2026\/04\/675252690_1552438373552896_645050540505489366_n-768x576.jpg 768w, \/wp-content\/uploads\/2026\/04\/675252690_1552438373552896_645050540505489366_n-1536x1152.jpg 1536w, \/wp-content\/uploads\/2026\/04\/675252690_1552438373552896_645050540505489366_n.jpg 2048w\" sizes=\"auto, (max-width: 1024px) 100vw, 1024px\" \/><\/a><\/figure>\n<\/figure>\n","protected":false},"excerpt":{"rendered":"<p>Nincs v\u00e9ge a sikereknek. I. helyez\u00e9s gyermek kateg\u00f3ri\u00e0ban! 2026. \u00e1prilis 17-\u00e9n rendezt\u00e9k meg a V\u00f6r\u00f6skereszt szervez\u00e9s\u00e9ben az 54. Orsz\u00e1gos Els\u0151seg\u00e9lyny\u00fajt\u00f3 Verseny Szentes\u2013Csongr\u00e1d ter\u00fcleti fordul\u00f3j\u00e1t Csongr\u00e1don. Iskol\u00e1nkat a D\u00f3zsa-telepi Tagint\u00e9zm\u00e9ny 7.c oszt\u00e1ly\u00e0nak 5 f\u0151s csapata k\u00e9pviselte. A verseny sor\u00e1n a tanul\u00f3knak \u00e9leth\u0171 szitu\u00e1ci\u00f3kat kellett megoldaniuk. A feladatok k\u00f6z\u00f6tt szerepelt t\u00f6bbek k\u00f6z\u00f6tt [&hellip;]<\/p>\n","protected":false},"author":1,"featured_media":0,"comment_status":"closed","ping_status":"closed","sticky":false,"template":"","format":"standard","meta":{"footnotes":""},"categories":[32],"tags":[],"class_list":["post-7539","post","type-post","status-publish","format-standard","hentry","category-aktualis"],"_links":{"self":[{"href":"\/index.php?rest_route=\/wp\/v2\/posts\/7539","targetHints":{"allow":["GET"]}}],"collection":[{"href":"\/index.php?rest_route=\/wp\/v2\/posts"}],"about":[{"href":"\/index.php?rest_route=\/wp\/v2\/types\/post"}],"author":[{"embeddable":true,"href":"\/index.php?rest_route=\/wp\/v2\/users\/1"}],"replies":[{"embeddable":true,"href":"\/index.php?rest_route=%2Fwp%2Fv2%2Fcomments&post=7539"}],"version-history":[{"count":1,"href":"\/index.php?rest_route=\/wp\/v2\/posts\/7539\/revisions"}],"predecessor-version":[{"id":7543,"href":"\/index.php?rest_route=\/wp\/v2\/posts\/7539\/revisions\/7543"}],"wp:attachment":[{"href":"\/index.php?rest_route=%2Fwp%2Fv2%2Fmedia&parent=7539"}],"wp:term":[{"taxonomy":"category","embeddable":true,"href":"\/index.php?rest_route=%2Fwp%2Fv2%2Fcategories&post=7539"},{"taxonomy":"post_tag","embeddable":true,"href":"\/index.php?rest_route=%2Fwp%2Fv2%2Ftags&post=7539"}],"curies":[{"name":"wp","href":"https:\/\/api.w.org\/{rel}","templated":true}]}}